{"id":5213,"date":"2021-10-13T14:22:05","date_gmt":"2021-10-13T19:22:05","guid":{"rendered":"https:\/\/fundacioncactusazul.org\/FITIJ\/?p=5213"},"modified":"2025-02-07T14:45:06","modified_gmt":"2025-02-07T19:45:06","slug":"elementor-5213","status":"publish","type":"post","link":"https:\/\/fundacioncactusazul.org\/FITIJ\/elementor-5213\/","title":{"rendered":"XVI GUAGUAS DE MA\u00cdZ 2021"},"content":{"rendered":"\t\t<div data-elementor-type=\"wp-post\" data-elementor-id=\"5213\" class=\"elementor elementor-5213\">\n\t\t\t\t\t\t<section class=\"elementor-section elementor-top-section elementor-element elementor-element-8e0c13c elementor-section-boxed elementor-section-height-default elementor-section-height-default\" data-id=\"8e0c13c\" data-element_type=\"section\">\n\t\t\t\t\t\t<div class=\"elementor-container elementor-column-gap-default\">\n\t\t\t\t\t<div class=\"elementor-column elementor-col-100 elementor-top-column elementor-element elementor-element-c4a1a03\" data-id=\"c4a1a03\" data-element_type=\"column\">\n\t\t\t<div class=\"elementor-widget-wrap elementor-element-populated\">\n\t\t\t\t\t\t<div class=\"elementor-element elementor-element-3c2aa1a elementor-widget elementor-widget-heading\" data-id=\"3c2aa1a\" data-element_type=\"widget\" data-widget_type=\"heading.default\">\n\t\t\t\t<div class=\"elementor-widget-container\">\n\t\t\t\t\t<h2 class=\"elementor-heading-title elementor-size-large\">XVI FITIJ GUAGUAS DE MA\u00cdZ 2021<\/h2>\t\t\t\t<\/div>\n\t\t\t\t<\/div>\n\t\t\t\t<div class=\"elementor-element elementor-element-55c3717 elementor-widget__width-initial elementor-widget elementor-widget-image\" data-id=\"55c3717\" data-element_type=\"widget\" data-widget_type=\"image.default\">\n\t\t\t\t<div class=\"elementor-widget-container\">\n\t\t\t\t\t\t\t\t\t\t\t\t\t\t\t<img decoding=\"async\" src=\"https:\/\/fundacioncactusazul.org\/FITIJ\/wp-content\/uploads\/elementor\/thumbs\/6-pa9e9mwmjabjpnu3bdoblo23ics4at5t3nv21i5yew.png\" title=\"6\" alt=\"6\" loading=\"lazy\" \/>\t\t\t\t\t\t\t\t\t\t\t\t\t\t\t<\/div>\n\t\t\t\t<\/div>\n\t\t\t\t\t<\/div>\n\t\t<\/div>\n\t\t\t\t\t<\/div>\n\t\t<\/section>\n\t\t\t\t<section class=\"elementor-section elementor-top-section elementor-element elementor-element-cf9b5e0 elementor-section-boxed elementor-section-height-default elementor-section-height-default\" data-id=\"cf9b5e0\" data-element_type=\"section\">\n\t\t\t\t\t\t<div class=\"elementor-container elementor-column-gap-default\">\n\t\t\t\t\t<div class=\"elementor-column elementor-col-50 elementor-top-column elementor-element elementor-element-b643dbe\" data-id=\"b643dbe\" data-element_type=\"column\">\n\t\t\t<div class=\"elementor-widget-wrap elementor-element-populated\">\n\t\t\t\t\t\t<div class=\"elementor-element elementor-element-643c1e0 elementor-widget elementor-widget-spacer\" data-id=\"643c1e0\" data-element_type=\"widget\" data-widget_type=\"spacer.default\">\n\t\t\t\t<div class=\"elementor-widget-container\">\n\t\t\t\t\t\t\t<div class=\"elementor-spacer\">\n\t\t\t<div class=\"elementor-spacer-inner\"><\/div>\n\t\t<\/div>\n\t\t\t\t\t\t<\/div>\n\t\t\t\t<\/div>\n\t\t\t\t<div class=\"elementor-element elementor-element-6c90fb6 elementor-widget elementor-widget-heading\" data-id=\"6c90fb6\" data-element_type=\"widget\" data-widget_type=\"heading.default\">\n\t\t\t\t<div class=\"elementor-widget-container\">\n\t\t\t\t\t<h2 class=\"elementor-heading-title elementor-size-default\">PROGRAMACI\u00d3N TEATRAL<\/h2>\t\t\t\t<\/div>\n\t\t\t\t<\/div>\n\t\t\t\t<div class=\"elementor-element elementor-element-652b97f elementor-widget__width-auto elementor-pagination-position-outside elementor-widget elementor-widget-image-carousel\" data-id=\"652b97f\" data-element_type=\"widget\" data-settings=\"{&quot;slides_to_show&quot;:&quot;1&quot;,&quot;navigation&quot;:&quot;dots&quot;,&quot;autoplay_speed&quot;:4000,&quot;speed&quot;:600,&quot;autoplay&quot;:&quot;yes&quot;,&quot;pause_on_hover&quot;:&quot;yes&quot;,&quot;pause_on_interaction&quot;:&quot;yes&quot;,&quot;infinite&quot;:&quot;yes&quot;,&quot;effect&quot;:&quot;slide&quot;}\" data-widget_type=\"image-carousel.default\">\n\t\t\t\t<div class=\"elementor-widget-container\">\n\t\t\t\t\t\t\t<div class=\"elementor-image-carousel-wrapper swiper\" role=\"region\" aria-roledescription=\"carousel\" aria-label=\"Carrusel de im\u00e1genes\" dir=\"ltr\">\n\t\t\t<div class=\"elementor-image-carousel swiper-wrapper\" aria-live=\"off\">\n\t\t\t\t\t\t\t\t<div class=\"swiper-slide\" role=\"group\" aria-roledescription=\"slide\" aria-label=\"1 de 16\"><figure class=\"swiper-slide-inner\"><img decoding=\"async\" class=\"swiper-slide-image\" src=\"https:\/\/fundacioncactusazul.org\/FITIJ\/wp-content\/uploads\/2021\/05\/ARANWA1-300x206.jpg\" alt=\"&quot;Danzas Aladas&quot; COMPA\u00d1\u00cdA ARANWA - Chile\" \/><figcaption class=\"elementor-image-carousel-caption\">\"Danzas Aladas\" COMPA\u00d1\u00cdA ARANWA - Chile<\/figcaption><\/figure><\/div><div class=\"swiper-slide\" role=\"group\" aria-roledescription=\"slide\" aria-label=\"2 de 16\"><figure class=\"swiper-slide-inner\"><img decoding=\"async\" class=\"swiper-slide-image\" src=\"https:\/\/fundacioncactusazul.org\/FITIJ\/wp-content\/uploads\/2021\/05\/nieve-paty-300x200.jpg\" alt=\"&quot;Piojos y Manzanas&quot; CORPORACI\u00d3N HUMOR Y VIDA - Quito\" \/><figcaption class=\"elementor-image-carousel-caption\">\"Piojos y Manzanas\" CORPORACI\u00d3N HUMOR Y VIDA - Quito<\/figcaption><\/figure><\/div><div class=\"swiper-slide\" role=\"group\" aria-roledescription=\"slide\" aria-label=\"3 de 16\"><figure class=\"swiper-slide-inner\"><img decoding=\"async\" class=\"swiper-slide-image\" src=\"https:\/\/fundacioncactusazul.org\/FITIJ\/wp-content\/uploads\/2021\/05\/DIEGO-Y-LOS-GATOS-300x231.jpg\" alt=\"&quot;Canciones en la sopa&quot; DIEGO Y LOS GATOS DEL CALLEJ\u00d3N - Quito\" \/><figcaption class=\"elementor-image-carousel-caption\"> \"Canciones en la sopa\" DIEGO Y LOS GATOS DEL CALLEJ\u00d3N - Quito<\/figcaption><\/figure><\/div><div class=\"swiper-slide\" role=\"group\" aria-roledescription=\"slide\" aria-label=\"4 de 16\"><figure class=\"swiper-slide-inner\"><img decoding=\"async\" class=\"swiper-slide-image\" src=\"https:\/\/fundacioncactusazul.org\/FITIJ\/wp-content\/uploads\/2021\/05\/20190713_Kinti-Kanta-Kuentos_-DAR-TEATRO-300x225.jpg\" alt=\"&quot;Habitat&quot; TEATRO AL VAC\u00cdO - M\u00e9xico\" \/><figcaption class=\"elementor-image-carousel-caption\">\"Habitat\" TEATRO AL VAC\u00cdO - M\u00e9xico<\/figcaption><\/figure><\/div><div class=\"swiper-slide\" role=\"group\" aria-roledescription=\"slide\" aria-label=\"5 de 16\"><figure class=\"swiper-slide-inner\"><img decoding=\"async\" class=\"swiper-slide-image\" src=\"https:\/\/fundacioncactusazul.org\/FITIJ\/wp-content\/uploads\/2021\/05\/HUEVO11-300x224.jpg\" alt=\"&quot;Huevito de ida y vuelta&quot; ASOMADOS Y ESCONDIDOS - Argentina\" \/><figcaption class=\"elementor-image-carousel-caption\">\"Huevito de ida y vuelta\" ASOMADOS Y ESCONDIDOS - Argentina<\/figcaption><\/figure><\/div><div class=\"swiper-slide\" role=\"group\" aria-roledescription=\"slide\" aria-label=\"6 de 16\"><figure class=\"swiper-slide-inner\"><img decoding=\"async\" class=\"swiper-slide-image\" src=\"https:\/\/fundacioncactusazul.org\/FITIJ\/wp-content\/uploads\/2021\/05\/20190713_Kinti-Kanta-Kuentos_TV_cmoreno_-DAR-TEATRO-300x225.jpg\" alt=\"&quot;Kinti Kanta Kuentos&quot; DAT TEATRO - Quito\" \/><figcaption class=\"elementor-image-carousel-caption\">\"Kinti Kanta Kuentos\" DAT TEATRO - Quito<\/figcaption><\/figure><\/div><div class=\"swiper-slide\" role=\"group\" aria-roledescription=\"slide\" aria-label=\"7 de 16\"><figure class=\"swiper-slide-inner\"><img decoding=\"async\" class=\"swiper-slide-image\" src=\"https:\/\/fundacioncactusazul.org\/FITIJ\/wp-content\/uploads\/2021\/05\/KALLE-LUNA-KALLE-SOL-300x240.jpg\" alt=\"&quot;MEMORIAS DEL FUEGO\u2026 Los Colores&quot; KALLE LUNA KALLE SOL -Quito\" \/><figcaption class=\"elementor-image-carousel-caption\">\"MEMORIAS DEL FUEGO\u2026 Los Colores\" KALLE LUNA KALLE SOL -Quito<\/figcaption><\/figure><\/div><div class=\"swiper-slide\" role=\"group\" aria-roledescription=\"slide\" aria-label=\"8 de 16\"><figure class=\"swiper-slide-inner\"><img decoding=\"async\" class=\"swiper-slide-image\" src=\"https:\/\/fundacioncactusazul.org\/FITIJ\/wp-content\/uploads\/2021\/07\/Sin-Palabras01-300x160.jpg\" alt=\"\u201cSIN PALABRAS (se las llevo el aire\u2026)\u201d LaSal Teatro - Espa\u00f1a\" \/><figcaption class=\"elementor-image-carousel-caption\">\u201cSIN PALABRAS (se las llevo el aire\u2026)\u201d LaSal Teatro - Espa\u00f1a<\/figcaption><\/figure><\/div><div class=\"swiper-slide\" role=\"group\" aria-roledescription=\"slide\" aria-label=\"9 de 16\"><figure class=\"swiper-slide-inner\"><img decoding=\"async\" class=\"swiper-slide-image\" src=\"https:\/\/fundacioncactusazul.org\/FITIJ\/wp-content\/uploads\/2021\/05\/P1610726-Nito-Paya-UIO-300x225.jpg\" alt=\"&quot;Arete E\u00b4Bola&quot; NITO PAYA ARTS&amp;PARTY - Quito\" \/><figcaption class=\"elementor-image-carousel-caption\">\"Arete E\u00b4Bola\" NITO PAYA ARTS&amp;PARTY - Quito<\/figcaption><\/figure><\/div><div class=\"swiper-slide\" role=\"group\" aria-roledescription=\"slide\" aria-label=\"10 de 16\"><figure class=\"swiper-slide-inner\"><img decoding=\"async\" class=\"swiper-slide-image\" src=\"https:\/\/fundacioncactusazul.org\/FITIJ\/wp-content\/uploads\/2021\/05\/Wito2-300x200.jpg\" alt=\"&quot;KILLA Y LAS ESTRELLAS, una mirada hacia arriba de los Andes&quot; WITO TEATRO - Quito\" \/><figcaption class=\"elementor-image-carousel-caption\">\"KILLA Y LAS ESTRELLAS, una mirada hacia arriba de los Andes\" WITO TEATRO - Quito<\/figcaption><\/figure><\/div><div class=\"swiper-slide\" role=\"group\" aria-roledescription=\"slide\" aria-label=\"11 de 16\"><figure class=\"swiper-slide-inner\"><img decoding=\"async\" class=\"swiper-slide-image\" src=\"https:\/\/fundacioncactusazul.org\/FITIJ\/wp-content\/uploads\/2021\/05\/Vero-Zapata-2-300x199.jpg\" alt=\"&quot;Cuentos de la Abuelita que se me perdieron&quot; Narraci\u00f3n Oral VER\u00d3NICA ZAPATA -Quito\" \/><figcaption class=\"elementor-image-carousel-caption\">\"Cuentos de la Abuelita que se me perdieron\" Narraci\u00f3n Oral VER\u00d3NICA ZAPATA -Quito<\/figcaption><\/figure><\/div><div class=\"swiper-slide\" role=\"group\" aria-roledescription=\"slide\" aria-label=\"12 de 16\"><figure class=\"swiper-slide-inner\"><img decoding=\"async\" class=\"swiper-slide-image\" src=\"https:\/\/fundacioncactusazul.org\/FITIJ\/wp-content\/uploads\/2021\/05\/CIRCULO-300x200.jpg\" alt=\"&quot;El Pa\u00eds de la Canela&quot; C\u00edrculo Artes Esc\u00e9nicas _ Ba\u00f1os de Agua Santa\" \/><figcaption class=\"elementor-image-carousel-caption\">\"El Pa\u00eds de la Canela\" C\u00edrculo Artes Esc\u00e9nicas _ Ba\u00f1os de Agua Santa<\/figcaption><\/figure><\/div><div class=\"swiper-slide\" role=\"group\" aria-roledescription=\"slide\" aria-label=\"13 de 16\"><figure class=\"swiper-slide-inner\"><img decoding=\"async\" class=\"swiper-slide-image\" src=\"https:\/\/fundacioncactusazul.org\/FITIJ\/wp-content\/uploads\/2021\/05\/IMAY-300x200.jpg\" alt=\"&quot;Soledad Desordenada&quot; IMAY CULTURA - Cuenca\" \/><figcaption class=\"elementor-image-carousel-caption\">\"Soledad Desordenada\" IMAY CULTURA - Cuenca<\/figcaption><\/figure><\/div><div class=\"swiper-slide\" role=\"group\" aria-roledescription=\"slide\" aria-label=\"14 de 16\"><figure class=\"swiper-slide-inner\"><img decoding=\"async\" class=\"swiper-slide-image\" src=\"https:\/\/fundacioncactusazul.org\/FITIJ\/wp-content\/uploads\/2021\/05\/DSC_0002-TeclaTeatro-300x200.jpg\" alt=\"&quot;Sombra... el cuento del recuerdo&quot; TEATRO TECLA - Cuenca\" \/><figcaption class=\"elementor-image-carousel-caption\">\"Sombra... el cuento del recuerdo\" TEATRO TECLA - Cuenca<\/figcaption><\/figure><\/div><div class=\"swiper-slide\" role=\"group\" aria-roledescription=\"slide\" aria-label=\"15 de 16\"><figure class=\"swiper-slide-inner\"><img decoding=\"async\" class=\"swiper-slide-image\" src=\"https:\/\/fundacioncactusazul.org\/FITIJ\/wp-content\/uploads\/2021\/05\/cita-con-la-verdad-5-Yessenia-Laines-Ch.-300x200.jpg\" alt=\"&quot;Una cita con la verdad&quot; UKUMBI TEATRO - Quito\" \/><figcaption class=\"elementor-image-carousel-caption\">\"Una cita con la verdad\" UKUMBI TEATRO - Quito<\/figcaption><\/figure><\/div><div class=\"swiper-slide\" role=\"group\" aria-roledescription=\"slide\" aria-label=\"16 de 16\"><figure class=\"swiper-slide-inner\"><img decoding=\"async\" class=\"swiper-slide-image\" src=\"https:\/\/fundacioncactusazul.org\/FITIJ\/wp-content\/uploads\/2021\/07\/02-1-300x139.jpg\" alt=\"&quot;C\u00f3mo doblar una s\u00e1bana con el\u00e1stico&quot; C\u00cdA. PANDORGA - Brasil\" \/><figcaption class=\"elementor-image-carousel-caption\">\"C\u00f3mo doblar una s\u00e1bana con el\u00e1stico\" C\u00cdA. PANDORGA - Brasil<\/figcaption><\/figure><\/div>\t\t\t<\/div>\n\t\t\t\t\t\t\t\n\t\t\t\t\t\t\t\t\t<div class=\"swiper-pagination\"><\/div>\n\t\t\t\t\t\t\t\t\t<\/div>\n\t\t\t\t\t\t<\/div>\n\t\t\t\t<\/div>\n\t\t\t\t<div class=\"elementor-element elementor-element-9148772 elementor-widget elementor-widget-spacer\" data-id=\"9148772\" data-element_type=\"widget\" data-widget_type=\"spacer.default\">\n\t\t\t\t<div class=\"elementor-widget-container\">\n\t\t\t\t\t\t\t<div class=\"elementor-spacer\">\n\t\t\t<div class=\"elementor-spacer-inner\"><\/div>\n\t\t<\/div>\n\t\t\t\t\t\t<\/div>\n\t\t\t\t<\/div>\n\t\t\t\t<div class=\"elementor-element elementor-element-293c4ff elementor-widget elementor-widget-heading\" data-id=\"293c4ff\" data-element_type=\"widget\" data-widget_type=\"heading.default\">\n\t\t\t\t<div class=\"elementor-widget-container\">\n\t\t\t\t\t<h2 class=\"elementor-heading-title elementor-size-default\">PROGRAMACI\u00d3N ACAD\u00c9MICA<\/h2>\t\t\t\t<\/div>\n\t\t\t\t<\/div>\n\t\t\t\t<div class=\"elementor-element elementor-element-cc7478d elementor-pagination-position-outside elementor-widget elementor-widget-image-carousel\" data-id=\"cc7478d\" data-element_type=\"widget\" data-settings=\"{&quot;slides_to_show&quot;:&quot;1&quot;,&quot;navigation&quot;:&quot;dots&quot;,&quot;autoplay&quot;:&quot;yes&quot;,&quot;pause_on_hover&quot;:&quot;yes&quot;,&quot;pause_on_interaction&quot;:&quot;yes&quot;,&quot;autoplay_speed&quot;:5000,&quot;infinite&quot;:&quot;yes&quot;,&quot;effect&quot;:&quot;slide&quot;,&quot;speed&quot;:500}\" data-widget_type=\"image-carousel.default\">\n\t\t\t\t<div class=\"elementor-widget-container\">\n\t\t\t\t\t\t\t<div class=\"elementor-image-carousel-wrapper swiper\" role=\"region\" aria-roledescription=\"carousel\" aria-label=\"Carrusel de im\u00e1genes\" dir=\"ltr\">\n\t\t\t<div class=\"elementor-image-carousel swiper-wrapper\" aria-live=\"off\">\n\t\t\t\t\t\t\t\t<div class=\"swiper-slide\" role=\"group\" aria-roledescription=\"slide\" aria-label=\"1 de 6\"><figure class=\"swiper-slide-inner\"><img decoding=\"async\" class=\"swiper-slide-image\" src=\"https:\/\/fundacioncactusazul.org\/FITIJ\/wp-content\/uploads\/2021\/05\/4-300x183.jpg\" alt=\"4\" \/><\/figure><\/div><div class=\"swiper-slide\" role=\"group\" aria-roledescription=\"slide\" aria-label=\"2 de 6\"><figure class=\"swiper-slide-inner\"><img decoding=\"async\" class=\"swiper-slide-image\" src=\"https:\/\/fundacioncactusazul.org\/FITIJ\/wp-content\/uploads\/2021\/05\/3-2-300x200.jpg\" alt=\"3\" \/><\/figure><\/div><div class=\"swiper-slide\" role=\"group\" aria-roledescription=\"slide\" aria-label=\"3 de 6\"><figure class=\"swiper-slide-inner\"><img decoding=\"async\" class=\"swiper-slide-image\" src=\"https:\/\/fundacioncactusazul.org\/FITIJ\/wp-content\/uploads\/2021\/05\/trueques3-300x225.png\" alt=\"trueques3\" \/><\/figure><\/div><div class=\"swiper-slide\" role=\"group\" aria-roledescription=\"slide\" aria-label=\"4 de 6\"><figure class=\"swiper-slide-inner\"><img decoding=\"async\" class=\"swiper-slide-image\" src=\"https:\/\/fundacioncactusazul.org\/FITIJ\/wp-content\/uploads\/2021\/05\/guaguas-p32.4-300x194.jpg\" alt=\"guaguas p32.4\" \/><\/figure><\/div><div class=\"swiper-slide\" role=\"group\" aria-roledescription=\"slide\" aria-label=\"5 de 6\"><figure class=\"swiper-slide-inner\"><img decoding=\"async\" class=\"swiper-slide-image\" src=\"https:\/\/fundacioncactusazul.org\/FITIJ\/wp-content\/uploads\/2021\/05\/conversatorios2019-1-300x200.jpg\" alt=\"conversatorios2019-1\" \/><\/figure><\/div><div class=\"swiper-slide\" role=\"group\" aria-roledescription=\"slide\" aria-label=\"6 de 6\"><figure class=\"swiper-slide-inner\"><img decoding=\"async\" class=\"swiper-slide-image\" src=\"https:\/\/fundacioncactusazul.org\/FITIJ\/wp-content\/uploads\/2021\/05\/conversatorio-jueves-300x225.jpg\" alt=\"conversatorio- jueves\" \/><\/figure><\/div>\t\t\t<\/div>\n\t\t\t\t\t\t\t\n\t\t\t\t\t\t\t\t\t<div class=\"swiper-pagination\"><\/div>\n\t\t\t\t\t\t\t\t\t<\/div>\n\t\t\t\t\t\t<\/div>\n\t\t\t\t<\/div>\n\t\t\t\t<div class=\"elementor-element elementor-element-a109923 elementor-widget elementor-widget-text-editor\" data-id=\"a109923\" data-element_type=\"widget\" data-widget_type=\"text-editor.default\">\n\t\t\t\t<div class=\"elementor-widget-container\">\n\t\t\t\t\t\t\t\t\t<p style=\"text-align: center;\"><span style=\"font-size: 12pt;\"><span style=\"color: #361504;\"><span style=\"font-family: verdana, geneva, sans-serif;\">TALLERES MAGISTRALES, <\/span><\/span><span style=\"color: #361504;\"><span style=\"font-family: verdana, geneva, sans-serif;\">CONVERSATORIOS, <br \/><\/span><\/span><\/span><\/p><p style=\"text-align: center;\"><span style=\"font-size: 12pt;\"><span style=\"color: #361504;\"><span style=\"font-family: verdana, geneva, sans-serif;\">TRUEQUES DE SABERES<\/span><\/span><\/span><\/p><div>\u00a0<\/div>\t\t\t\t\t\t\t\t<\/div>\n\t\t\t\t<\/div>\n\t\t\t\t\t<\/div>\n\t\t<\/div>\n\t\t\t\t<div class=\"elementor-column elementor-col-50 elementor-top-column elementor-element elementor-element-beee9ad\" data-id=\"beee9ad\" data-element_type=\"column\">\n\t\t\t<div class=\"elementor-widget-wrap elementor-element-populated\">\n\t\t\t\t\t\t<div class=\"elementor-element elementor-element-6855545 elementor-widget elementor-widget-text-editor\" data-id=\"6855545\" data-element_type=\"widget\" data-widget_type=\"text-editor.default\">\n\t\t\t\t<div class=\"elementor-widget-container\">\n\t\t\t\t\t\t\t\t\t<p>EL FEstival se llev\u00f3 a cabo del 29 de julio al 8 de agosto del 2021. Dado la situaci\u00f3n del COVI-19 a nivel mundial y el cierre de fronteras a nivel internacional por tema de seguridad sanitaria, nos llev\u00f3 a tomar la decisi\u00f3n de realizar el 75% las actividades de forma virtual y\u00a0 25% presencial.<\/p><p>Uno de los ganadores de FESTIVALES EMBLEM\u00c1TICOS DEL ECUADOR (2018-2021) impulsado por el IFCI y el Ministerio de Cultura y Patrimonio del Ecuador. Este como a\u00f1os anteriores tambi\u00e9n recibimos el apoyo de La Fundaci\u00f3n Teatro Nacional Sucre programando presentaciones en el Teatro Variedades Ernesto Alb\u00e1n. Para la realizaci\u00f3n de la grabaci\u00f3n de las funciones nacionales virtuales contamos con apoyo la Casa parroquial de Santa Clara y Santa Rosa de Pomasqui quienes nos facilitaron el teatro Cardenal de la Torre.<\/p><p>\u00a0<\/p><p>Parte de las actividades virtuales fueron las presentaciones de las compa\u00f1\u00edas internacionales: LaSal teatro (Espa\u00f1a), Pandorga Teatro (Brasil), Teatro al vac\u00edo (Argentina), Compa\u00f1\u00eda Aranwa (Chile) y Asomados y Escondidos (Argentina). Las Compa\u00f1\u00edas Nacionales: Teatro Tecla (Ca\u00f1ar- Azogues), Imay Cultura (Cuenca-Azuay), Nito Paya Arts&amp;Party (Quito), Kalle luna Kalle sol (Quito), Ukumbi Teatro (Quito), C\u00edrculo Artes Esc\u00e9nicas (Quito), Ver\u00f3nica Zapata (Quito)<\/p><p>Las Funciones presenciales con las compa\u00f1\u00edas nacionales: Corporaci\u00f3n Humor y Vida (Quito), Dar Teatro (Quito), Diego Aguirre y los Gatos del Callej\u00f3n (Quito), y Wito Teatro (Quito).<\/p><p>Las actividades que se realizaron de forma virtual fueron los conversatorios, talleres magistrales, trueques de saberes y narraci\u00f3n oral.<\/p><p>En los Conversatorios tratamos sobre los\u00a0 \u201cNuevos Territorios de Creaci\u00f3n en el teatro para la Infancia y la Juventud\u201d, contamos con la participaci\u00f3n de: la Compa\u00f1\u00eda Teatro al Vac\u00edo de M\u00e9xico \/Argentina, integrada por Adri\u00e1n Hern\u00e1ndez y Jos\u00e9 Ag\u00fcero; la Maestra Adriana O\u00f1a Toledo, la Lcda. Wallis Am\u00e9rica Paz y Mi\u00f1o, el Lcdo. Bol\u00edvar Bautista Romero de Ecuador.<\/p><p>Se dictaron 3 talleres: Taller de dramaturgia para la infancia y la juventud por Cleiton Echeveste de Brasil (Director y dramaturgo Pandorga teatro), Taller de Direcci\u00f3n Esc\u00e9nica \u201cEl camino de piedras blancas\u201d dictado por Jula Ruiz de Espa\u00f1a (dramaturga y directora de LaSal Teatro) y Taller de Pedagog\u00eda Art\u00edstica \u00abConstruyendo Teatro desde el ni\u00f1o y ni\u00f1a que recordamos\u201d por la Maestra Adriana O\u00f1a Toledo de Ecuador (artista esc\u00e9nica, intelectual, profesora universitaria y escritora).<\/p><p>En los Trueques de Saberes se mantuvo el modo virtual contando con la participaci\u00f3n de:<\/p><p>Mario Merino (Compa\u00f1\u00eda Asomados y Escondidos\/Argentina), Ximena Felicita y Cristian Puruncajas (Compa\u00f1\u00eda Kalle Luna Kalle Sol\/Quito-Ecuador), Emilia Acurio (Imay Cultura\/Cuenca-Ecuador), Juan S\u00e1nchez (Nito Paya Arts&amp;Party\/Quito-Ecuador), Compa\u00f1\u00eda Aranwa (Chile). Layla Ra\u00f1a (Compa\u00f1\u00eda Aranwa \/Chile), Mayra Sarmiento (Teatro Tecla \/ Biblian-Ecuador), Jessy Constante (Dar Teatro\/Quito &#8211; Ecuador), Noem\u00ed Laines (Ukumbi Teatro\/Quito &#8211; Ecuador)<\/p><p>\u00a0<\/p><p>Este a\u00f1o en relaci\u00f3n a narraci\u00f3n oral, debido a las condiciones dadas por el covid-19, se decidi\u00f3 trabajar sobre el formato de podcast, que es considerado por sus caracter\u00edsticas una herramienta id\u00f3nea para apoyar los procesos educativos y did\u00e1cticos en el aula. Nos basamos en el cap\u00edtulo n\u00famero uno de la primera parte del libro \u00abEl fabuloso reino de Quito\u00bb, de este primer relato creamos 8 cap\u00edtulos, (8) podcast.<\/p>\t\t\t\t\t\t\t\t<\/div>\n\t\t\t\t<\/div>\n\t\t\t\t\t<\/div>\n\t\t<\/div>\n\t\t\t\t\t<\/div>\n\t\t<\/section>\n\t\t\t\t<section class=\"elementor-section elementor-top-section elementor-element elementor-element-273ceac elementor-section-boxed elementor-section-height-default elementor-section-height-default\" data-id=\"273ceac\" data-element_type=\"section\">\n\t\t\t\t\t\t<div class=\"elementor-container elementor-column-gap-default\">\n\t\t\t\t\t<div class=\"elementor-column elementor-col-100 elementor-top-column elementor-element elementor-element-64ce8c9\" data-id=\"64ce8c9\" data-element_type=\"column\">\n\t\t\t<div class=\"elementor-widget-wrap elementor-element-populated\">\n\t\t\t\t\t\t<div class=\"elementor-element elementor-element-0809be6 elementor-widget elementor-widget-image\" data-id=\"0809be6\" data-element_type=\"widget\" data-widget_type=\"image.default\">\n\t\t\t\t<div class=\"elementor-widget-container\">\n\t\t\t\t\t\t\t\t\t\t\t\t\t\t\t<img decoding=\"async\" src=\"https:\/\/fundacioncactusazul.org\/FITIJ\/wp-content\/uploads\/elementor\/thumbs\/1-pa9e95zimq58svwvyjc3z8yg0mynpo1634sex056z8.png\" title=\"1\" alt=\"1\" loading=\"lazy\" \/>\t\t\t\t\t\t\t\t\t\t\t\t\t\t\t<\/div>\n\t\t\t\t<\/div>\n\t\t\t\t\t<\/div>\n\t\t<\/div>\n\t\t\t\t\t<\/div>\n\t\t<\/section>\n\t\t\t\t<section class=\"elementor-section elementor-top-section elementor-element elementor-element-2b5bfe3 elementor-section-boxed elementor-section-height-default elementor-section-height-default\" data-id=\"2b5bfe3\" data-element_type=\"section\">\n\t\t\t\t\t\t<div class=\"elementor-container elementor-column-gap-default\">\n\t\t\t\t\t<div class=\"elementor-column elementor-col-33 elementor-top-column elementor-element elementor-element-726bd47\" data-id=\"726bd47\" data-element_type=\"column\">\n\t\t\t<div class=\"elementor-widget-wrap elementor-element-populated\">\n\t\t\t\t\t\t<div class=\"elementor-element elementor-element-e53fd55 elementor-widget elementor-widget-image\" data-id=\"e53fd55\" data-element_type=\"widget\" data-widget_type=\"image.default\">\n\t\t\t\t<div class=\"elementor-widget-container\">\n\t\t\t\t\t\t\t\t\t\t\t\t\t\t\t<img fetchpriority=\"high\" decoding=\"async\" width=\"585\" height=\"573\" src=\"https:\/\/fundacioncactusazul.org\/FITIJ\/wp-content\/uploads\/2021\/08\/IMAGEN-PODCAST.png\" class=\"attachment-large size-large wp-image-5082\" alt=\"\" srcset=\"https:\/\/fundacioncactusazul.org\/FITIJ\/wp-content\/uploads\/2021\/08\/IMAGEN-PODCAST.png 585w, https:\/\/fundacioncactusazul.org\/FITIJ\/wp-content\/uploads\/2021\/08\/IMAGEN-PODCAST-300x294.png 300w\" sizes=\"100vw\" \/>\t\t\t\t\t\t\t\t\t\t\t\t\t\t\t<\/div>\n\t\t\t\t<\/div>\n\t\t\t\t\t<\/div>\n\t\t<\/div>\n\t\t\t\t<div class=\"elementor-column elementor-col-33 elementor-top-column elementor-element elementor-element-350c950\" data-id=\"350c950\" data-element_type=\"column\">\n\t\t\t<div class=\"elementor-widget-wrap elementor-element-populated\">\n\t\t\t\t\t\t<div class=\"elementor-element elementor-element-cd98ca3 elementor-widget elementor-widget-text-editor\" data-id=\"cd98ca3\" data-element_type=\"widget\" data-widget_type=\"text-editor.default\">\n\t\t\t\t<div class=\"elementor-widget-container\">\n\t\t\t\t\t\t\t\t\t<p>CAP\u00cdTULO 1<\/p><p><!--[if lt IE 9]><script>document.createElement('audio');<\/script><![endif]-->\n<audio class=\"wp-audio-shortcode\" id=\"audio-5213-1\" preload=\"none\" style=\"width: 100%;\" controls=\"controls\"><source type=\"audio\/mpeg\" src=\"https:\/\/www.ivoox.com\/cuentos-en-clave-de-podcast-capitulo-1_md_74366465_wp_1.mp3?_=1\" \/><a href=\"https:\/\/www.ivoox.com\/cuentos-en-clave-de-podcast-capitulo-1_md_74366465_wp_1.mp3\">https:\/\/www.ivoox.com\/cuentos-en-clave-de-podcast-capitulo-1_md_74366465_wp_1.mp3<\/a><\/audio><\/p><p>CAP\u00cdTULO 3<\/p><p><audio class=\"wp-audio-shortcode\" id=\"audio-5213-2\" preload=\"none\" style=\"width: 100%;\" controls=\"controls\"><source type=\"audio\/mpeg\" src=\"https:\/\/www.ivoox.com\/uentos-en-clave-de-podast-capitulo-3_md_74367895_wp_1.mp3?_=2\" \/><a href=\"https:\/\/www.ivoox.com\/uentos-en-clave-de-podast-capitulo-3_md_74367895_wp_1.mp3\">https:\/\/www.ivoox.com\/uentos-en-clave-de-podast-capitulo-3_md_74367895_wp_1.mp3<\/a><\/audio><\/p><p>CAP\u00cdTULO 5<\/p><p><audio class=\"wp-audio-shortcode\" id=\"audio-5213-3\" preload=\"none\" style=\"width: 100%;\" controls=\"controls\"><source type=\"audio\/mpeg\" src=\"https:\/\/www.ivoox.com\/cuentos-en-clave-de-podast-capitulo-5_md_74453178_wp_1.mp3?_=3\" \/><a href=\"https:\/\/www.ivoox.com\/cuentos-en-clave-de-podast-capitulo-5_md_74453178_wp_1.mp3\">https:\/\/www.ivoox.com\/cuentos-en-clave-de-podast-capitulo-5_md_74453178_wp_1.mp3<\/a><\/audio><\/p><p>CAP\u00cdTULO 7<\/p><p><audio class=\"wp-audio-shortcode\" id=\"audio-5213-4\" preload=\"none\" style=\"width: 100%;\" controls=\"controls\"><source type=\"audio\/mpeg\" src=\"https:\/\/www.ivoox.com\/cuentos-en-clave-de-podast-capitulo-7_md_74453243_wp_1.mp3?_=4\" \/><a href=\"https:\/\/www.ivoox.com\/cuentos-en-clave-de-podast-capitulo-7_md_74453243_wp_1.mp3\">https:\/\/www.ivoox.com\/cuentos-en-clave-de-podast-capitulo-7_md_74453243_wp_1.mp3<\/a><\/audio><\/p>\t\t\t\t\t\t\t\t<\/div>\n\t\t\t\t<\/div>\n\t\t\t\t\t<\/div>\n\t\t<\/div>\n\t\t\t\t<div class=\"elementor-column elementor-col-33 elementor-top-column elementor-element elementor-element-184e61a\" data-id=\"184e61a\" data-element_type=\"column\">\n\t\t\t<div class=\"elementor-widget-wrap elementor-element-populated\">\n\t\t\t\t\t\t<div class=\"elementor-element elementor-element-30a9e0c elementor-widget elementor-widget-text-editor\" data-id=\"30a9e0c\" data-element_type=\"widget\" data-widget_type=\"text-editor.default\">\n\t\t\t\t<div class=\"elementor-widget-container\">\n\t\t\t\t\t\t\t\t\t<p>CAP\u00cdTULO 2<\/p><p><audio class=\"wp-audio-shortcode\" id=\"audio-5213-5\" preload=\"none\" style=\"width: 100%;\" controls=\"controls\"><source type=\"audio\/mpeg\" src=\"https:\/\/www.ivoox.com\/cuentos-en-clave-de-podast-capitulo-2_md_74366819_wp_1.mp3?_=5\" \/><a href=\"https:\/\/www.ivoox.com\/cuentos-en-clave-de-podast-capitulo-2_md_74366819_wp_1.mp3\">https:\/\/www.ivoox.com\/cuentos-en-clave-de-podast-capitulo-2_md_74366819_wp_1.mp3<\/a><\/audio><\/p><p>CAP\u00cdTULO 4<\/p><p><audio class=\"wp-audio-shortcode\" id=\"audio-5213-6\" preload=\"none\" style=\"width: 100%;\" controls=\"controls\"><source type=\"audio\/mpeg\" src=\"https:\/\/www.ivoox.com\/cuentos-en-clave-de-podast-capitulo-4_md_74367967_wp_1.mp3?_=6\" \/><a href=\"https:\/\/www.ivoox.com\/cuentos-en-clave-de-podast-capitulo-4_md_74367967_wp_1.mp3\">https:\/\/www.ivoox.com\/cuentos-en-clave-de-podast-capitulo-4_md_74367967_wp_1.mp3<\/a><\/audio><\/p><p>CAP\u00cdTULO 6<\/p><p><audio class=\"wp-audio-shortcode\" id=\"audio-5213-7\" preload=\"none\" style=\"width: 100%;\" controls=\"controls\"><source type=\"audio\/mpeg\" src=\"https:\/\/www.ivoox.com\/cuentos-en-clave-de-podast-capitulo-6_md_74453207_wp_1.mp3?_=7\" \/><a href=\"https:\/\/www.ivoox.com\/cuentos-en-clave-de-podast-capitulo-6_md_74453207_wp_1.mp3\">https:\/\/www.ivoox.com\/cuentos-en-clave-de-podast-capitulo-6_md_74453207_wp_1.mp3<\/a><\/audio><\/p><p>CAP\u00cdTULO 8<\/p><p><audio class=\"wp-audio-shortcode\" id=\"audio-5213-8\" preload=\"none\" style=\"width: 100%;\" controls=\"controls\"><source type=\"audio\/mpeg\" src=\"https:\/\/www.ivoox.com\/cuentos-en-clave-de-podast-capitulo-8_md_74453261_wp_1.mp3?_=8\" \/><a href=\"https:\/\/www.ivoox.com\/cuentos-en-clave-de-podast-capitulo-8_md_74453261_wp_1.mp3\">https:\/\/www.ivoox.com\/cuentos-en-clave-de-podast-capitulo-8_md_74453261_wp_1.mp3<\/a><\/audio><\/p>\t\t\t\t\t\t\t\t<\/div>\n\t\t\t\t<\/div>\n\t\t\t\t\t<\/div>\n\t\t<\/div>\n\t\t\t\t\t<\/div>\n\t\t<\/section>\n\t\t\t\t<section class=\"elementor-section elementor-top-section elementor-element elementor-element-99a911c elementor-section-boxed elementor-section-height-default elementor-section-height-default\" data-id=\"99a911c\" data-element_type=\"section\">\n\t\t\t\t\t\t<div class=\"elementor-container elementor-column-gap-default\">\n\t\t\t\t\t<div class=\"elementor-column elementor-col-100 elementor-top-column elementor-element elementor-element-d61f691\" data-id=\"d61f691\" data-element_type=\"column\">\n\t\t\t<div class=\"elementor-widget-wrap elementor-element-populated\">\n\t\t\t\t\t\t<div class=\"elementor-element elementor-element-11bff1e elementor-widget elementor-widget-image\" data-id=\"11bff1e\" data-element_type=\"widget\" data-widget_type=\"image.default\">\n\t\t\t\t<div class=\"elementor-widget-container\">\n\t\t\t\t\t\t\t\t\t\t\t\t\t\t\t<img decoding=\"async\" src=\"https:\/\/fundacioncactusazul.org\/FITIJ\/wp-content\/uploads\/2021\/07\/4-80x50.png\" title=\"4\" alt=\"4\" loading=\"lazy\" \/>\t\t\t\t\t\t\t\t\t\t\t\t\t\t\t<\/div>\n\t\t\t\t<\/div>\n\t\t\t\t\t<\/div>\n\t\t<\/div>\n\t\t\t\t\t<\/div>\n\t\t<\/section>\n\t\t\t\t<section class=\"elementor-section elementor-top-section elementor-element elementor-element-9196a73 elementor-section-boxed elementor-section-height-default elementor-section-height-default\" data-id=\"9196a73\" data-element_type=\"section\">\n\t\t\t\t\t\t<div class=\"elementor-container elementor-column-gap-default\">\n\t\t\t\t\t<div class=\"elementor-column elementor-col-100 elementor-top-column elementor-element elementor-element-86dedfe\" data-id=\"86dedfe\" data-element_type=\"column\">\n\t\t\t<div class=\"elementor-widget-wrap elementor-element-populated\">\n\t\t\t\t\t\t<div class=\"elementor-element elementor-element-524da0d elementor-widget elementor-widget-video\" data-id=\"524da0d\" data-element_type=\"widget\" data-settings=\"{&quot;youtube_url&quot;:&quot;https:\\\/\\\/www.youtube.com\\\/watch?v=mVXnp572KVk&quot;,&quot;mute&quot;:&quot;yes&quot;,&quot;video_type&quot;:&quot;youtube&quot;,&quot;controls&quot;:&quot;yes&quot;}\" data-widget_type=\"video.default\">\n\t\t\t\t<div class=\"elementor-widget-container\">\n\t\t\t\t\t\t\t<div class=\"elementor-wrapper elementor-open-inline\">\n\t\t\t<div class=\"elementor-video\"><\/div>\t\t<\/div>\n\t\t\t\t\t\t<\/div>\n\t\t\t\t<\/div>\n\t\t\t\t<div class=\"elementor-element elementor-element-d561514 elementor-widget elementor-widget-video\" data-id=\"d561514\" data-element_type=\"widget\" data-settings=\"{&quot;youtube_url&quot;:&quot;https:\\\/\\\/youtu.be\\\/15VBIuIHKf4&quot;,&quot;video_type&quot;:&quot;youtube&quot;,&quot;controls&quot;:&quot;yes&quot;}\" data-widget_type=\"video.default\">\n\t\t\t\t<div class=\"elementor-widget-container\">\n\t\t\t\t\t\t\t<div class=\"elementor-wrapper elementor-open-inline\">\n\t\t\t<div class=\"elementor-video\"><\/div>\t\t<\/div>\n\t\t\t\t\t\t<\/div>\n\t\t\t\t<\/div>\n\t\t\t\t\t<\/div>\n\t\t<\/div>\n\t\t\t\t\t<\/div>\n\t\t<\/section>\n\t\t\t\t<section class=\"elementor-section elementor-top-section elementor-element elementor-element-089a969 elementor-section-boxed elementor-section-height-default elementor-section-height-default\" data-id=\"089a969\" data-element_type=\"section\">\n\t\t\t\t\t\t<div class=\"elementor-container elementor-column-gap-default\">\n\t\t\t\t\t<div class=\"elementor-column elementor-col-100 elementor-top-column elementor-element elementor-element-f1c60a1\" data-id=\"f1c60a1\" data-element_type=\"column\">\n\t\t\t<div class=\"elementor-widget-wrap elementor-element-populated\">\n\t\t\t\t\t\t<div class=\"elementor-element elementor-element-bb97b44 elementor-widget elementor-widget-image\" data-id=\"bb97b44\" data-element_type=\"widget\" data-widget_type=\"image.default\">\n\t\t\t\t<div class=\"elementor-widget-container\">\n\t\t\t\t\t\t\t\t\t\t\t\t\t\t\t<img decoding=\"async\" width=\"162\" height=\"154\" src=\"https:\/\/fundacioncactusazul.org\/FITIJ\/wp-content\/uploads\/2021\/07\/3.png\" class=\"attachment-medium size-medium wp-image-4363\" alt=\"\" sizes=\"100vw\" \/>\t\t\t\t\t\t\t\t\t\t\t\t\t\t\t<\/div>\n\t\t\t\t<\/div>\n\t\t\t\t\t<\/div>\n\t\t<\/div>\n\t\t\t\t\t<\/div>\n\t\t<\/section>\n\t\t\t\t<section class=\"elementor-section elementor-top-section elementor-element elementor-element-616f2c9 elementor-section-boxed elementor-section-height-default elementor-section-height-default\" data-id=\"616f2c9\" data-element_type=\"section\">\n\t\t\t\t\t\t<div class=\"elementor-container elementor-column-gap-default\">\n\t\t\t\t\t<div class=\"elementor-column elementor-col-100 elementor-top-column elementor-element elementor-element-cf0a7b4\" data-id=\"cf0a7b4\" data-element_type=\"column\">\n\t\t\t<div class=\"elementor-widget-wrap elementor-element-populated\">\n\t\t\t\t\t\t<div class=\"elementor-element elementor-element-e4e53a2 elementor-widget elementor-widget-heading\" data-id=\"e4e53a2\" data-element_type=\"widget\" data-widget_type=\"heading.default\">\n\t\t\t\t<div class=\"elementor-widget-container\">\n\t\t\t\t\t<h2 class=\"elementor-heading-title elementor-size-default\">REVISTA GUAGUAS DE MA\u00cdZ 2021<\/h2>\t\t\t\t<\/div>\n\t\t\t\t<\/div>\n\t\t\t\t<div class=\"elementor-element elementor-element-88caa22 elementor-widget elementor-widget-shortcode\" data-id=\"88caa22\" data-element_type=\"widget\" data-widget_type=\"shortcode.default\">\n\t\t\t\t<div class=\"elementor-widget-container\">\n\t\t\t\t\t\t\t<div class=\"elementor-shortcode\"><div class=\"_df_book df-lite\" id=\"df_3991\"  _slug=\"3991\" data-title=\"revista\" wpoptions=\"true\" thumb=\"https:\/\/fundacioncactusazul.org\/FITIJ\/wp-content\/uploads\/2021\/07\/Portada.png\" thumbtype=\"\" ><\/div><script class=\"df-shortcode-script\" nowprocket type=\"application\/javascript\">window.option_df_3991 = {\"webgl\":\"false\",\"outline\":[],\"backgroundColor\":\"f7d39b\",\"height\":\"5000\",\"duration\":\"500\",\"autoEnableOutline\":\"false\",\"autoEnableThumbnail\":\"false\",\"overwritePDFOutline\":\"false\",\"direction\":\"1\",\"pageSize\":\"0\",\"pageMode\":\"2\",\"singlePageMode\":\"2\",\"controlsPosition\":\"bottom\",\"maxTextureSize\":\"2048\",\"autoPlay\":\"true\",\"source\":[\"https:\\\/\\\/fundacioncactusazul.org\\\/FITIJ\\\/wp-content\\\/uploads\\\/2021\\\/07\\\/Portada.png\",\"https:\\\/\\\/fundacioncactusazul.org\\\/FITIJ\\\/wp-content\\\/uploads\\\/2021\\\/07\\\/montanacasitas.jpg\",\"https:\\\/\\\/fundacioncactusazul.org\\\/FITIJ\\\/wp-content\\\/uploads\\\/2021\\\/07\\\/01.jpg\",\"https:\\\/\\\/fundacioncactusazul.org\\\/FITIJ\\\/wp-content\\\/uploads\\\/2021\\\/07\\\/02-3.jpg\",\"https:\\\/\\\/fundacioncactusazul.org\\\/FITIJ\\\/wp-content\\\/uploads\\\/2021\\\/10\\\/3-scaled.jpg\",\"https:\\\/\\\/fundacioncactusazul.org\\\/FITIJ\\\/wp-content\\\/uploads\\\/2021\\\/07\\\/04.jpg\",\"https:\\\/\\\/fundacioncactusazul.org\\\/FITIJ\\\/wp-content\\\/uploads\\\/2021\\\/07\\\/05.jpg\",\"https:\\\/\\\/fundacioncactusazul.org\\\/FITIJ\\\/wp-content\\\/uploads\\\/2021\\\/07\\\/casa-azul.jpg\",\"https:\\\/\\\/fundacioncactusazul.org\\\/FITIJ\\\/wp-content\\\/uploads\\\/2021\\\/07\\\/06.jpg\",\"https:\\\/\\\/fundacioncactusazul.org\\\/FITIJ\\\/wp-content\\\/uploads\\\/2021\\\/07\\\/07.jpg\",\"https:\\\/\\\/fundacioncactusazul.org\\\/FITIJ\\\/wp-content\\\/uploads\\\/2021\\\/07\\\/08-2.jpg\",\"https:\\\/\\\/fundacioncactusazul.org\\\/FITIJ\\\/wp-content\\\/uploads\\\/2021\\\/07\\\/09.jpg\",\"https:\\\/\\\/fundacioncactusazul.org\\\/FITIJ\\\/wp-content\\\/uploads\\\/2021\\\/07\\\/010.jpg\",\"https:\\\/\\\/fundacioncactusazul.org\\\/FITIJ\\\/wp-content\\\/uploads\\\/2021\\\/07\\\/011-1.jpg\",\"https:\\\/\\\/fundacioncactusazul.org\\\/FITIJ\\\/wp-content\\\/uploads\\\/2021\\\/07\\\/012.jpg\",\"https:\\\/\\\/fundacioncactusazul.org\\\/FITIJ\\\/wp-content\\\/uploads\\\/2021\\\/07\\\/013.jpg\",\"https:\\\/\\\/fundacioncactusazul.org\\\/FITIJ\\\/wp-content\\\/uploads\\\/2021\\\/07\\\/014.jpg\",\"https:\\\/\\\/fundacioncactusazul.org\\\/FITIJ\\\/wp-content\\\/uploads\\\/2021\\\/07\\\/015.jpg\",\"https:\\\/\\\/fundacioncactusazul.org\\\/FITIJ\\\/wp-content\\\/uploads\\\/2021\\\/07\\\/016.jpg\",\"https:\\\/\\\/fundacioncactusazul.org\\\/FITIJ\\\/wp-content\\\/uploads\\\/2021\\\/07\\\/017.jpg\",\"https:\\\/\\\/fundacioncactusazul.org\\\/FITIJ\\\/wp-content\\\/uploads\\\/2021\\\/07\\\/018.jpg\",\"https:\\\/\\\/fundacioncactusazul.org\\\/FITIJ\\\/wp-content\\\/uploads\\\/2021\\\/07\\\/019.jpg\",\"https:\\\/\\\/fundacioncactusazul.org\\\/FITIJ\\\/wp-content\\\/uploads\\\/2021\\\/07\\\/020.jpg\",\"https:\\\/\\\/fundacioncactusazul.org\\\/FITIJ\\\/wp-content\\\/uploads\\\/2021\\\/07\\\/021.jpg\",\"https:\\\/\\\/fundacioncactusazul.org\\\/FITIJ\\\/wp-content\\\/uploads\\\/2021\\\/07\\\/montana-roja-1.jpg\",\"https:\\\/\\\/fundacioncactusazul.org\\\/FITIJ\\\/wp-content\\\/uploads\\\/2021\\\/10\\\/022.jpg\",\"https:\\\/\\\/fundacioncactusazul.org\\\/FITIJ\\\/wp-content\\\/uploads\\\/2021\\\/10\\\/23-scaled.jpg\",\"https:\\\/\\\/fundacioncactusazul.org\\\/FITIJ\\\/wp-content\\\/uploads\\\/2021\\\/10\\\/24-scaled.jpg\",\"https:\\\/\\\/fundacioncactusazul.org\\\/FITIJ\\\/wp-content\\\/uploads\\\/2021\\\/10\\\/25-scaled.jpg\",\"https:\\\/\\\/fundacioncactusazul.org\\\/FITIJ\\\/wp-content\\\/uploads\\\/2021\\\/07\\\/montana-turqueza.jpg\",\"https:\\\/\\\/fundacioncactusazul.org\\\/FITIJ\\\/wp-content\\\/uploads\\\/2021\\\/10\\\/26.jpg\",\"https:\\\/\\\/fundacioncactusazul.org\\\/FITIJ\\\/wp-content\\\/uploads\\\/2021\\\/10\\\/27-scaled.jpg\",\"https:\\\/\\\/fundacioncactusazul.org\\\/FITIJ\\\/wp-content\\\/uploads\\\/2021\\\/10\\\/28-scaled.jpg\",\"https:\\\/\\\/fundacioncactusazul.org\\\/FITIJ\\\/wp-content\\\/uploads\\\/2021\\\/10\\\/29-scaled.jpg\",\"https:\\\/\\\/fundacioncactusazul.org\\\/FITIJ\\\/wp-content\\\/uploads\\\/2021\\\/10\\\/30-scaled.jpg\",\"https:\\\/\\\/fundacioncactusazul.org\\\/FITIJ\\\/wp-content\\\/uploads\\\/2021\\\/10\\\/31-scaled.jpg\",\"https:\\\/\\\/fundacioncactusazul.org\\\/FITIJ\\\/wp-content\\\/uploads\\\/2021\\\/10\\\/32-scaled.jpg\",\"https:\\\/\\\/fundacioncactusazul.org\\\/FITIJ\\\/wp-content\\\/uploads\\\/2021\\\/10\\\/33-scaled.jpg\",\"https:\\\/\\\/fundacioncactusazul.org\\\/FITIJ\\\/wp-content\\\/uploads\\\/2021\\\/10\\\/34-scaled.jpg\",\"https:\\\/\\\/fundacioncactusazul.org\\\/FITIJ\\\/wp-content\\\/uploads\\\/2021\\\/10\\\/35-scaled.jpg\",\"https:\\\/\\\/fundacioncactusazul.org\\\/FITIJ\\\/wp-content\\\/uploads\\\/2021\\\/10\\\/36-scaled.jpg\",\"https:\\\/\\\/fundacioncactusazul.org\\\/FITIJ\\\/wp-content\\\/uploads\\\/2021\\\/10\\\/37-scaled.jpg\",\"https:\\\/\\\/fundacioncactusazul.org\\\/FITIJ\\\/wp-content\\\/uploads\\\/2021\\\/10\\\/38-scaled.jpg\",\"https:\\\/\\\/fundacioncactusazul.org\\\/FITIJ\\\/wp-content\\\/uploads\\\/2021\\\/10\\\/39-scaled.jpg\",\"https:\\\/\\\/fundacioncactusazul.org\\\/FITIJ\\\/wp-content\\\/uploads\\\/2021\\\/10\\\/40-1-scaled.jpg\",\"https:\\\/\\\/fundacioncactusazul.org\\\/FITIJ\\\/wp-content\\\/uploads\\\/2021\\\/10\\\/41-1-scaled.jpg\",\"https:\\\/\\\/fundacioncactusazul.org\\\/FITIJ\\\/wp-content\\\/uploads\\\/2021\\\/10\\\/42-1-scaled.jpg\",\"https:\\\/\\\/fundacioncactusazul.org\\\/FITIJ\\\/wp-content\\\/uploads\\\/2021\\\/10\\\/43-1-scaled.jpg\",\"https:\\\/\\\/fundacioncactusazul.org\\\/FITIJ\\\/wp-content\\\/uploads\\\/2021\\\/10\\\/44-1-scaled.jpg\",\"https:\\\/\\\/fundacioncactusazul.org\\\/FITIJ\\\/wp-content\\\/uploads\\\/2021\\\/10\\\/45-scaled.jpg\",\"https:\\\/\\\/fundacioncactusazul.org\\\/FITIJ\\\/wp-content\\\/uploads\\\/2021\\\/10\\\/46-scaled.jpg\",\"https:\\\/\\\/fundacioncactusazul.org\\\/FITIJ\\\/wp-content\\\/uploads\\\/2021\\\/10\\\/47-scaled.jpg\",\"https:\\\/\\\/fundacioncactusazul.org\\\/FITIJ\\\/wp-content\\\/uploads\\\/2021\\\/10\\\/48-scaled.jpg\",\"https:\\\/\\\/fundacioncactusazul.org\\\/FITIJ\\\/wp-content\\\/uploads\\\/2021\\\/10\\\/49-scaled.jpg\",\"https:\\\/\\\/fundacioncactusazul.org\\\/FITIJ\\\/wp-content\\\/uploads\\\/2021\\\/07\\\/001montana-y-casitas.jpg\",\"https:\\\/\\\/fundacioncactusazul.org\\\/FITIJ\\\/wp-content\\\/uploads\\\/2021\\\/10\\\/50-scaled.jpg\",\"https:\\\/\\\/fundacioncactusazul.org\\\/FITIJ\\\/wp-content\\\/uploads\\\/2021\\\/10\\\/51.jpg\",\"https:\\\/\\\/fundacioncactusazul.org\\\/FITIJ\\\/wp-content\\\/uploads\\\/2021\\\/07\\\/026.jpg\"],\"wpOptions\":\"true\",\"links\":[[],[],[],[],[],[],[],[],[],[],[],[],[],[],[],[],[],[],[],[],[],[],[],[],[],[],[],[],[],[],[],[],[],[],[],[],[],[],[],[],[],[],[],[],[],[],[],[],[],[],[],[],[],[],[],[],[],[],[]]}; if(window.DFLIP && window.DFLIP.parseBooks){window.DFLIP.parseBooks();}<\/script><\/div>\n\t\t\t\t\t\t<\/div>\n\t\t\t\t<\/div>\n\t\t\t\t\t<\/div>\n\t\t<\/div>\n\t\t\t\t\t<\/div>\n\t\t<\/section>\n\t\t\t\t<section class=\"elementor-section elementor-top-section elementor-element elementor-element-636727b elementor-section-boxed elementor-section-height-default elementor-section-height-default\" data-id=\"636727b\" data-element_type=\"section\">\n\t\t\t\t\t\t<div class=\"elementor-container elementor-column-gap-default\">\n\t\t\t\t\t<div class=\"elementor-column elementor-col-100 elementor-top-column elementor-element elementor-element-568e30f\" data-id=\"568e30f\" data-element_type=\"column\">\n\t\t\t<div class=\"elementor-widget-wrap elementor-element-populated\">\n\t\t\t\t\t\t<div class=\"elementor-element elementor-element-99200b1 elementor-widget elementor-widget-image\" data-id=\"99200b1\" data-element_type=\"widget\" data-widget_type=\"image.default\">\n\t\t\t\t<div class=\"elementor-widget-container\">\n\t\t\t\t\t\t\t\t\t\t\t\t\t\t\t<img decoding=\"async\" src=\"https:\/\/fundacioncactusazul.org\/FITIJ\/wp-content\/uploads\/elementor\/thumbs\/5-pa9e9i7fy9rj62v6i13bpmnai62zojtsuf14nvmm5c.png\" title=\"5\" alt=\"5\" loading=\"lazy\" \/>\t\t\t\t\t\t\t\t\t\t\t\t\t\t\t<\/div>\n\t\t\t\t<\/div>\n\t\t\t\t\t<\/div>\n\t\t<\/div>\n\t\t\t\t\t<\/div>\n\t\t<\/section>\n\t\t\t\t<section class=\"elementor-section elementor-top-section elementor-element elementor-element-86a6cd7 elementor-section-boxed elementor-section-height-default elementor-section-height-default\" data-id=\"86a6cd7\" data-element_type=\"section\">\n\t\t\t\t\t\t<div class=\"elementor-container elementor-column-gap-default\">\n\t\t\t\t\t<div class=\"elementor-column elementor-col-100 elementor-top-column elementor-element elementor-element-fdbf30e\" data-id=\"fdbf30e\" data-element_type=\"column\">\n\t\t\t<div class=\"elementor-widget-wrap elementor-element-populated\">\n\t\t\t\t\t\t<div class=\"elementor-element elementor-element-b06fa5a elementor-widget elementor-widget-image\" data-id=\"b06fa5a\" data-element_type=\"widget\" data-widget_type=\"image.default\">\n\t\t\t\t<div class=\"elementor-widget-container\">\n\t\t\t\t\t\t\t\t\t\t\t\t\t\t\t<img decoding=\"async\" width=\"1443\" height=\"1061\" src=\"https:\/\/fundacioncactusazul.org\/FITIJ\/wp-content\/uploads\/2021\/07\/CRONOGRAMA-GENERAL-XVI-GUAGUAS-DE-MAIZ-2021.jpg\" class=\"attachment-2048x2048 size-2048x2048 wp-image-4710\" alt=\"\" srcset=\"https:\/\/fundacioncactusazul.org\/FITIJ\/wp-content\/uploads\/2021\/07\/CRONOGRAMA-GENERAL-XVI-GUAGUAS-DE-MAIZ-2021.jpg 1443w, https:\/\/fundacioncactusazul.org\/FITIJ\/wp-content\/uploads\/2021\/07\/CRONOGRAMA-GENERAL-XVI-GUAGUAS-DE-MAIZ-2021-300x221.jpg 300w, https:\/\/fundacioncactusazul.org\/FITIJ\/wp-content\/uploads\/2021\/07\/CRONOGRAMA-GENERAL-XVI-GUAGUAS-DE-MAIZ-2021-1024x753.jpg 1024w, https:\/\/fundacioncactusazul.org\/FITIJ\/wp-content\/uploads\/2021\/07\/CRONOGRAMA-GENERAL-XVI-GUAGUAS-DE-MAIZ-2021-768x565.jpg 768w\" sizes=\"100vw\" \/>\t\t\t\t\t\t\t\t\t\t\t\t\t\t\t<\/div>\n\t\t\t\t<\/div>\n\t\t\t\t\t<\/div>\n\t\t<\/div>\n\t\t\t\t\t<\/div>\n\t\t<\/section>\n\t\t\t\t<section class=\"elementor-section elementor-top-section elementor-element elementor-element-0021a4c elementor-section-boxed elementor-section-height-default elementor-section-height-default\" data-id=\"0021a4c\" data-element_type=\"section\">\n\t\t\t\t\t\t<div class=\"elementor-container elementor-column-gap-default\">\n\t\t\t\t\t<div class=\"elementor-column elementor-col-100 elementor-top-column elementor-element elementor-element-137ab81\" data-id=\"137ab81\" data-element_type=\"column\">\n\t\t\t<div class=\"elementor-widget-wrap elementor-element-populated\">\n\t\t\t\t\t\t<div class=\"elementor-element elementor-element-6a2afad elementor-widget elementor-widget-image\" data-id=\"6a2afad\" data-element_type=\"widget\" data-settings=\"{&quot;_animation&quot;:&quot;none&quot;,&quot;_animation_delay&quot;:0}\" data-widget_type=\"image.default\">\n\t\t\t\t<div class=\"elementor-widget-container\">\n\t\t\t\t\t\t\t\t\t\t\t\t\t\t\t<img decoding=\"async\" src=\"https:\/\/fundacioncactusazul.org\/FITIJ\/wp-content\/uploads\/elementor\/thumbs\/2-pa9e9aoqsr3zxmexqshx8dg3y4ua6qdb4vjg274fts.png\" title=\"2\" alt=\"2\" loading=\"lazy\" \/>\t\t\t\t\t\t\t\t\t\t\t\t\t\t\t<\/div>\n\t\t\t\t<\/div>\n\t\t\t\t\t<\/div>\n\t\t<\/div>\n\t\t\t\t\t<\/div>\n\t\t<\/section>\n\t\t\t\t<section class=\"elementor-section elementor-top-section elementor-element elementor-element-6b17933 elementor-section-boxed elementor-section-height-default elementor-section-height-default\" data-id=\"6b17933\" data-element_type=\"section\">\n\t\t\t\t\t\t<div class=\"elementor-container elementor-column-gap-default\">\n\t\t\t\t\t<div class=\"elementor-column elementor-col-100 elementor-top-column elementor-element elementor-element-b961f1a\" data-id=\"b961f1a\" data-element_type=\"column\">\n\t\t\t<div class=\"elementor-widget-wrap elementor-element-populated\">\n\t\t\t\t\t\t<div class=\"elementor-element elementor-element-e522de6 elementor-widget elementor-widget-image\" data-id=\"e522de6\" data-element_type=\"widget\" data-widget_type=\"image.default\">\n\t\t\t\t<div class=\"elementor-widget-container\">\n\t\t\t\t\t\t\t\t\t\t\t\t\t\t\t<img loading=\"lazy\" decoding=\"async\" width=\"1200\" height=\"128\" src=\"https:\/\/fundacioncactusazul.org\/FITIJ\/wp-content\/uploads\/2021\/06\/TRILLA-AUSPICIANTES-2021-1.png\" class=\"attachment-full size-full wp-image-3966\" alt=\"\" srcset=\"https:\/\/fundacioncactusazul.org\/FITIJ\/wp-content\/uploads\/2021\/06\/TRILLA-AUSPICIANTES-2021-1.png 1200w, https:\/\/fundacioncactusazul.org\/FITIJ\/wp-content\/uploads\/2021\/06\/TRILLA-AUSPICIANTES-2021-1-300x32.png 300w, https:\/\/fundacioncactusazul.org\/FITIJ\/wp-content\/uploads\/2021\/06\/TRILLA-AUSPICIANTES-2021-1-1024x109.png 1024w, https:\/\/fundacioncactusazul.org\/FITIJ\/wp-content\/uploads\/2021\/06\/TRILLA-AUSPICIANTES-2021-1-768x82.png 768w\" sizes=\"100vw\" \/>\t\t\t\t\t\t\t\t\t\t\t\t\t\t\t<\/div>\n\t\t\t\t<\/div>\n\t\t\t\t\t<\/div>\n\t\t<\/div>\n\t\t\t\t\t<\/div>\n\t\t<\/section>\n\t\t\t\t<\/div>\n\t\t","protected":false},"excerpt":{"rendered":"<p>XVI GUAGUAS DE MA\u00cdZ 2021<\/p>\n","protected":false},"author":1,"featured_media":0,"comment_status":"closed","ping_status":"closed","sticky":false,"template":"elementor_header_footer","format":"standard","meta":{"footnotes":"","_links_to":"","_links_to_target":""},"categories":[1,35],"tags":[],"series":[],"class_list":["post-5213","post","type-post","status-publish","format-standard","hentry","category-programacion-2017","category-xvi-guaguas-de-maiz"],"_links":{"self":[{"href":"https:\/\/fundacioncactusazul.org\/FITIJ\/wp-json\/wp\/v2\/posts\/5213","targetHints":{"allow":["GET"]}}],"collection":[{"href":"https:\/\/fundacioncactusazul.org\/FITIJ\/wp-json\/wp\/v2\/posts"}],"about":[{"href":"https:\/\/fundacioncactusazul.org\/FITIJ\/wp-json\/wp\/v2\/types\/post"}],"author":[{"embeddable":true,"href":"https:\/\/fundacioncactusazul.org\/FITIJ\/wp-json\/wp\/v2\/users\/1"}],"replies":[{"embeddable":true,"href":"https:\/\/fundacioncactusazul.org\/FITIJ\/wp-json\/wp\/v2\/comments?post=5213"}],"version-history":[{"count":20,"href":"https:\/\/fundacioncactusazul.org\/FITIJ\/wp-json\/wp\/v2\/posts\/5213\/revisions"}],"predecessor-version":[{"id":7941,"href":"https:\/\/fundacioncactusazul.org\/FITIJ\/wp-json\/wp\/v2\/posts\/5213\/revisions\/7941"}],"wp:attachment":[{"href":"https:\/\/fundacioncactusazul.org\/FITIJ\/wp-json\/wp\/v2\/media?parent=5213"}],"wp:term":[{"taxonomy":"category","embeddable":true,"href":"https:\/\/fundacioncactusazul.org\/FITIJ\/wp-json\/wp\/v2\/categories?post=5213"},{"taxonomy":"post_tag","embeddable":true,"href":"https:\/\/fundacioncactusazul.org\/FITIJ\/wp-json\/wp\/v2\/tags?post=5213"},{"taxonomy":"series","embeddable":true,"href":"https:\/\/fundacioncactusazul.org\/FITIJ\/wp-json\/wp\/v2\/series?post=5213"}],"curies":[{"name":"wp","href":"https:\/\/api.w.org\/{rel}","templated":true}]}}